{"id":1531,"date":"2020-02-04T15:33:06","date_gmt":"2020-02-04T14:33:06","guid":{"rendered":"https:\/\/www.lindenriek.de\/?p=1531"},"modified":"2020-02-25T12:27:54","modified_gmt":"2020-02-25T11:27:54","slug":"lindenriek-ecampus-2","status":"publish","type":"post","link":"https:\/\/www.lindenriek.de\/tagespflege\/2020\/02\/04\/lindenriek-ecampus-2\/","title":{"rendered":"Neues Mitarbeiterportal MediFox Connect"},"content":{"rendered":"<p>Seit Januar diesen Jahres steht den Mitarbeitern des Lindenrieks neben dem digitalen Bildungsangebot \u201eE-Campus\u201c noch ein weiteres Online-Angebot zur Verf\u00fcgung.<br \/>\nDas Mitarbeiterportal MediFox-Connect vereinfacht den Informationsaustausch zwischen unseren Mitarbeitern wesentlich.<br \/>\nJeder Mitarbeiter erh\u00e4lt die M\u00f6glichkeit, seinen Dienstplan einzusehen, Urlaubsantr\u00e4ge zu stellen, Nachrichten zu schreiben und zu empfangen sowie Aufgaben zu verwalten.<br \/>\nDieses sind nur einige Beispiele unseres neuen Mitarbeiterportals.<\/p>\n<p>Und es geht noch weiter: Noch im ersten Halbjahr 2020 f\u00fchren wir MediFox-Connect auch f\u00fcr die Haus\u00e4rzte ein.<br \/>\nDadurch kann der Austausch von Informationen zwischen dem Pflegepersonal und den behandelnden \u00c4rzten noch effektiver stattfinden.<\/p>\n","protected":false},"excerpt":{"rendered":"<p>Seit Januar diesen Jahres steht den Mitarbeitern des Lindenrieks neben [&hellip;]<\/p>\n","protected":false},"author":2,"featured_media":0,"comment_status":"open","ping_status":"open","sticky":false,"template":"","format":"standard","meta":{"_exactmetrics_skip_tracking":false,"_exactmetrics_sitenote_active":false,"_exactmetrics_sitenote_note":"","_exactmetrics_sitenote_category":0,"footnotes":""},"categories":[1],"tags":[],"class_list":["post-1531","post","type-post","status-publish","format-standard","hentry","category-allgemein"],"yoast_head":"<!-- This site is optimized with the Yoast SEO plugin v25.7 - https:\/\/yoast.com\/wordpress\/plugins\/seo\/ -->\n<title>Neues Mitarbeiterportal MediFox Connect - Lindenriek Tagespflege<\/title>\n<meta name=\"robots\" content=\"index, follow, max-snippet:-1, max-image-preview:large, max-video-preview:-1\" \/>\n<link rel=\"canonical\" href=\"https:\/\/www.lindenriek.de\/tagespflege\/2020\/02\/04\/lindenriek-ecampus-2\/\" \/>\n<meta property=\"og:locale\" content=\"de_DE\" \/>\n<meta property=\"og:type\" content=\"article\" \/>\n<meta property=\"og:title\" content=\"Neues Mitarbeiterportal MediFox Connect - Lindenriek Tagespflege\" \/>\n<meta property=\"og:description\" content=\"Seit Januar diesen Jahres steht den Mitarbeitern des Lindenrieks neben [&hellip;]\" \/>\n<meta property=\"og:url\" content=\"https:\/\/www.lindenriek.de\/tagespflege\/2020\/02\/04\/lindenriek-ecampus-2\/\" \/>\n<meta property=\"og:site_name\" content=\"Lindenriek Tagespflege\" \/>\n<meta property=\"article:publisher\" content=\"https:\/\/www.facebook.com\/lindenriek\" \/>\n<meta property=\"article:published_time\" content=\"2020-02-04T14:33:06+00:00\" \/>\n<meta property=\"article:modified_time\" content=\"2020-02-25T11:27:54+00:00\" \/>\n<meta name=\"author\" content=\"lindenriek\" \/>\n<meta name=\"twitter:card\" content=\"summary_large_image\" \/>\n<meta name=\"twitter:label1\" content=\"Verfasst von\" \/>\n\t<meta name=\"twitter:data1\" content=\"lindenriek\" \/>\n<script type=\"application\/ld+json\" class=\"yoast-schema-graph\">{\"@context\":\"https:\/\/schema.org\",\"@graph\":[{\"@type\":\"Article\",\"@id\":\"https:\/\/www.lindenriek.de\/tagespflege\/2020\/02\/04\/lindenriek-ecampus-2\/#article\",\"isPartOf\":{\"@id\":\"https:\/\/www.lindenriek.de\/tagespflege\/2020\/02\/04\/lindenriek-ecampus-2\/\"},\"author\":{\"name\":\"lindenriek\",\"@id\":\"https:\/\/www.lindenriek.de\/tagespflege\/#\/schema\/person\/ab717fae7ec7461f1abfff854ff50d85\"},\"headline\":\"Neues Mitarbeiterportal MediFox Connect\",\"datePublished\":\"2020-02-04T14:33:06+00:00\",\"dateModified\":\"2020-02-25T11:27:54+00:00\",\"mainEntityOfPage\":{\"@id\":\"https:\/\/www.lindenriek.de\/tagespflege\/2020\/02\/04\/lindenriek-ecampus-2\/\"},\"wordCount\":103,\"commentCount\":0,\"publisher\":{\"@id\":\"https:\/\/www.lindenriek.de\/tagespflege\/#organization\"},\"inLanguage\":\"de\",\"potentialAction\":[{\"@type\":\"CommentAction\",\"name\":\"Comment\",\"target\":[\"https:\/\/www.lindenriek.de\/tagespflege\/2020\/02\/04\/lindenriek-ecampus-2\/#respond\"]}]},{\"@type\":\"WebPage\",\"@id\":\"https:\/\/www.lindenriek.de\/tagespflege\/2020\/02\/04\/lindenriek-ecampus-2\/\",\"url\":\"https:\/\/www.lindenriek.de\/tagespflege\/2020\/02\/04\/lindenriek-ecampus-2\/\",\"name\":\"Neues Mitarbeiterportal MediFox Connect - Lindenriek Tagespflege\",\"isPartOf\":{\"@id\":\"https:\/\/www.lindenriek.de\/tagespflege\/#website\"},\"datePublished\":\"2020-02-04T14:33:06+00:00\",\"dateModified\":\"2020-02-25T11:27:54+00:00\",\"breadcrumb\":{\"@id\":\"https:\/\/www.lindenriek.de\/tagespflege\/2020\/02\/04\/lindenriek-ecampus-2\/#breadcrumb\"},\"inLanguage\":\"de\",\"potentialAction\":[{\"@type\":\"ReadAction\",\"target\":[\"https:\/\/www.lindenriek.de\/tagespflege\/2020\/02\/04\/lindenriek-ecampus-2\/\"]}]},{\"@type\":\"BreadcrumbList\",\"@id\":\"https:\/\/www.lindenriek.de\/tagespflege\/2020\/02\/04\/lindenriek-ecampus-2\/#breadcrumb\",\"itemListElement\":[{\"@type\":\"ListItem\",\"position\":1,\"name\":\"Startseite\",\"item\":\"https:\/\/www.lindenriek.de\/tagespflege\/\"},{\"@type\":\"ListItem\",\"position\":2,\"name\":\"Neues Mitarbeiterportal MediFox Connect\"}]},{\"@type\":\"WebSite\",\"@id\":\"https:\/\/www.lindenriek.de\/tagespflege\/#website\",\"url\":\"https:\/\/www.lindenriek.de\/tagespflege\/\",\"name\":\"Lindenriek Tagespflege\",\"description\":\"Tagespflege Kleinburgwedel\",\"publisher\":{\"@id\":\"https:\/\/www.lindenriek.de\/tagespflege\/#organization\"},\"potentialAction\":[{\"@type\":\"SearchAction\",\"target\":{\"@type\":\"EntryPoint\",\"urlTemplate\":\"https:\/\/www.lindenriek.de\/tagespflege\/?s={search_term_string}\"},\"query-input\":{\"@type\":\"PropertyValueSpecification\",\"valueRequired\":true,\"valueName\":\"search_term_string\"}}],\"inLanguage\":\"de\"},{\"@type\":\"Organization\",\"@id\":\"https:\/\/www.lindenriek.de\/tagespflege\/#organization\",\"name\":\"Lindenriek Tagespflege\",\"url\":\"https:\/\/www.lindenriek.de\/tagespflege\/\",\"logo\":{\"@type\":\"ImageObject\",\"inLanguage\":\"de\",\"@id\":\"https:\/\/www.lindenriek.de\/tagespflege\/#\/schema\/logo\/image\/\",\"url\":\"https:\/\/www.lindenriek.de\/tagespflege\/wp-content\/uploads\/2024\/10\/Tagespflege_ankommen_2.jpg\",\"contentUrl\":\"https:\/\/www.lindenriek.de\/tagespflege\/wp-content\/uploads\/2024\/10\/Tagespflege_ankommen_2.jpg\",\"width\":500,\"height\":333,\"caption\":\"Lindenriek Tagespflege\"},\"image\":{\"@id\":\"https:\/\/www.lindenriek.de\/tagespflege\/#\/schema\/logo\/image\/\"},\"sameAs\":[\"https:\/\/www.facebook.com\/lindenriek\"]},{\"@type\":\"Person\",\"@id\":\"https:\/\/www.lindenriek.de\/tagespflege\/#\/schema\/person\/ab717fae7ec7461f1abfff854ff50d85\",\"name\":\"lindenriek\",\"image\":{\"@type\":\"ImageObject\",\"inLanguage\":\"de\",\"@id\":\"https:\/\/www.lindenriek.de\/tagespflege\/#\/schema\/person\/image\/\",\"url\":\"https:\/\/secure.gravatar.com\/avatar\/6bccc9cfe55fd92776ac1942fcc1c80b?s=96&d=mm&r=g\",\"contentUrl\":\"https:\/\/secure.gravatar.com\/avatar\/6bccc9cfe55fd92776ac1942fcc1c80b?s=96&d=mm&r=g\",\"caption\":\"lindenriek\"},\"url\":\"https:\/\/www.lindenriek.de\/tagespflege\/author\/lindenriek\/\"}]}<\/script>\n<!-- \/ Yoast SEO plugin. -->","yoast_head_json":{"title":"Neues Mitarbeiterportal MediFox Connect - Lindenriek Tagespflege","robots":{"index":"index","follow":"follow","max-snippet":"max-snippet:-1","max-image-preview":"max-image-preview:large","max-video-preview":"max-video-preview:-1"},"canonical":"https:\/\/www.lindenriek.de\/tagespflege\/2020\/02\/04\/lindenriek-ecampus-2\/","og_locale":"de_DE","og_type":"article","og_title":"Neues Mitarbeiterportal MediFox Connect - Lindenriek Tagespflege","og_description":"Seit Januar diesen Jahres steht den Mitarbeitern des Lindenrieks neben [&hellip;]","og_url":"https:\/\/www.lindenriek.de\/tagespflege\/2020\/02\/04\/lindenriek-ecampus-2\/","og_site_name":"Lindenriek Tagespflege","article_publisher":"https:\/\/www.facebook.com\/lindenriek","article_published_time":"2020-02-04T14:33:06+00:00","article_modified_time":"2020-02-25T11:27:54+00:00","author":"lindenriek","twitter_card":"summary_large_image","twitter_misc":{"Verfasst von":"lindenriek"},"schema":{"@context":"https:\/\/schema.org","@graph":[{"@type":"Article","@id":"https:\/\/www.lindenriek.de\/tagespflege\/2020\/02\/04\/lindenriek-ecampus-2\/#article","isPartOf":{"@id":"https:\/\/www.lindenriek.de\/tagespflege\/2020\/02\/04\/lindenriek-ecampus-2\/"},"author":{"name":"lindenriek","@id":"https:\/\/www.lindenriek.de\/tagespflege\/#\/schema\/person\/ab717fae7ec7461f1abfff854ff50d85"},"headline":"Neues Mitarbeiterportal MediFox Connect","datePublished":"2020-02-04T14:33:06+00:00","dateModified":"2020-02-25T11:27:54+00:00","mainEntityOfPage":{"@id":"https:\/\/www.lindenriek.de\/tagespflege\/2020\/02\/04\/lindenriek-ecampus-2\/"},"wordCount":103,"commentCount":0,"publisher":{"@id":"https:\/\/www.lindenriek.de\/tagespflege\/#organization"},"inLanguage":"de","potentialAction":[{"@type":"CommentAction","name":"Comment","target":["https:\/\/www.lindenriek.de\/tagespflege\/2020\/02\/04\/lindenriek-ecampus-2\/#respond"]}]},{"@type":"WebPage","@id":"https:\/\/www.lindenriek.de\/tagespflege\/2020\/02\/04\/lindenriek-ecampus-2\/","url":"https:\/\/www.lindenriek.de\/tagespflege\/2020\/02\/04\/lindenriek-ecampus-2\/","name":"Neues Mitarbeiterportal MediFox Connect - Lindenriek Tagespflege","isPartOf":{"@id":"https:\/\/www.lindenriek.de\/tagespflege\/#website"},"datePublished":"2020-02-04T14:33:06+00:00","dateModified":"2020-02-25T11:27:54+00:00","breadcrumb":{"@id":"https:\/\/www.lindenriek.de\/tagespflege\/2020\/02\/04\/lindenriek-ecampus-2\/#breadcrumb"},"inLanguage":"de","potentialAction":[{"@type":"ReadAction","target":["https:\/\/www.lindenriek.de\/tagespflege\/2020\/02\/04\/lindenriek-ecampus-2\/"]}]},{"@type":"BreadcrumbList","@id":"https:\/\/www.lindenriek.de\/tagespflege\/2020\/02\/04\/lindenriek-ecampus-2\/#breadcrumb","itemListElement":[{"@type":"ListItem","position":1,"name":"Startseite","item":"https:\/\/www.lindenriek.de\/tagespflege\/"},{"@type":"ListItem","position":2,"name":"Neues Mitarbeiterportal MediFox Connect"}]},{"@type":"WebSite","@id":"https:\/\/www.lindenriek.de\/tagespflege\/#website","url":"https:\/\/www.lindenriek.de\/tagespflege\/","name":"Lindenriek Tagespflege","description":"Tagespflege Kleinburgwedel","publisher":{"@id":"https:\/\/www.lindenriek.de\/tagespflege\/#organization"},"potentialAction":[{"@type":"SearchAction","target":{"@type":"EntryPoint","urlTemplate":"https:\/\/www.lindenriek.de\/tagespflege\/?s={search_term_string}"},"query-input":{"@type":"PropertyValueSpecification","valueRequired":true,"valueName":"search_term_string"}}],"inLanguage":"de"},{"@type":"Organization","@id":"https:\/\/www.lindenriek.de\/tagespflege\/#organization","name":"Lindenriek Tagespflege","url":"https:\/\/www.lindenriek.de\/tagespflege\/","logo":{"@type":"ImageObject","inLanguage":"de","@id":"https:\/\/www.lindenriek.de\/tagespflege\/#\/schema\/logo\/image\/","url":"https:\/\/www.lindenriek.de\/tagespflege\/wp-content\/uploads\/2024\/10\/Tagespflege_ankommen_2.jpg","contentUrl":"https:\/\/www.lindenriek.de\/tagespflege\/wp-content\/uploads\/2024\/10\/Tagespflege_ankommen_2.jpg","width":500,"height":333,"caption":"Lindenriek Tagespflege"},"image":{"@id":"https:\/\/www.lindenriek.de\/tagespflege\/#\/schema\/logo\/image\/"},"sameAs":["https:\/\/www.facebook.com\/lindenriek"]},{"@type":"Person","@id":"https:\/\/www.lindenriek.de\/tagespflege\/#\/schema\/person\/ab717fae7ec7461f1abfff854ff50d85","name":"lindenriek","image":{"@type":"ImageObject","inLanguage":"de","@id":"https:\/\/www.lindenriek.de\/tagespflege\/#\/schema\/person\/image\/","url":"https:\/\/secure.gravatar.com\/avatar\/6bccc9cfe55fd92776ac1942fcc1c80b?s=96&d=mm&r=g","contentUrl":"https:\/\/secure.gravatar.com\/avatar\/6bccc9cfe55fd92776ac1942fcc1c80b?s=96&d=mm&r=g","caption":"lindenriek"},"url":"https:\/\/www.lindenriek.de\/tagespflege\/author\/lindenriek\/"}]}},"_links":{"self":[{"href":"https:\/\/www.lindenriek.de\/tagespflege\/wp-json\/wp\/v2\/posts\/1531","targetHints":{"allow":["GET"]}}],"collection":[{"href":"https:\/\/www.lindenriek.de\/tagespflege\/wp-json\/wp\/v2\/posts"}],"about":[{"href":"https:\/\/www.lindenriek.de\/tagespflege\/wp-json\/wp\/v2\/types\/post"}],"author":[{"embeddable":true,"href":"https:\/\/www.lindenriek.de\/tagespflege\/wp-json\/wp\/v2\/users\/2"}],"replies":[{"embeddable":true,"href":"https:\/\/www.lindenriek.de\/tagespflege\/wp-json\/wp\/v2\/comments?post=1531"}],"version-history":[{"count":2,"href":"https:\/\/www.lindenriek.de\/tagespflege\/wp-json\/wp\/v2\/posts\/1531\/revisions"}],"predecessor-version":[{"id":1535,"href":"https:\/\/www.lindenriek.de\/tagespflege\/wp-json\/wp\/v2\/posts\/1531\/revisions\/1535"}],"wp:attachment":[{"href":"https:\/\/www.lindenriek.de\/tagespflege\/wp-json\/wp\/v2\/media?parent=1531"}],"wp:term":[{"taxonomy":"category","embeddable":true,"href":"https:\/\/www.lindenriek.de\/tagespflege\/wp-json\/wp\/v2\/categories?post=1531"},{"taxonomy":"post_tag","embeddable":true,"href":"https:\/\/www.lindenriek.de\/tagespflege\/wp-json\/wp\/v2\/tags?post=1531"}],"curies":[{"name":"wp","href":"https:\/\/api.w.org\/{rel}","templated":true}]}}